{"id":2044,"date":"2019-07-04T08:24:05","date_gmt":"2019-07-04T08:24:05","guid":{"rendered":"http:\/\/jrivasalbizu.com\/?p=2044"},"modified":"2019-07-04T08:24:05","modified_gmt":"2019-07-04T08:24:05","slug":"koldo-aguirre-en-la-memoria","status":"publish","type":"post","link":"https:\/\/jrivasalbizu.com\/?p=2044","title":{"rendered":"Koldo Aguirre en la memoria"},"content":{"rendered":"<h5><span style=\"font-size: 16px; font-family: abc2font; color: #333333;\"><strong><span style=\"font-family: abc2font;\"><span style=\"font-size: 16px;\">\u00a0<img loading=\"lazy\" decoding=\"async\" class=\"alignnone wp-image-5336\" src=\"https:\/\/jrivasalbizu.com\/wp-content\/uploads\/2026\/05\/WSJ3-300x300.jpg\" alt=\"\" width=\"62\" height=\"62\" srcset=\"https:\/\/jrivasalbizu.com\/wp-content\/uploads\/2026\/05\/WSJ3-300x300.jpg 300w, https:\/\/jrivasalbizu.com\/wp-content\/uploads\/2026\/05\/WSJ3-1024x1024.jpg 1024w, https:\/\/jrivasalbizu.com\/wp-content\/uploads\/2026\/05\/WSJ3-150x150.jpg 150w, https:\/\/jrivasalbizu.com\/wp-content\/uploads\/2026\/05\/WSJ3-768x768.jpg 768w, https:\/\/jrivasalbizu.com\/wp-content\/uploads\/2026\/05\/WSJ3-1536x1536.jpg 1536w, https:\/\/jrivasalbizu.com\/wp-content\/uploads\/2026\/05\/WSJ3-80x80.jpg 80w, https:\/\/jrivasalbizu.com\/wp-content\/uploads\/2026\/05\/WSJ3.jpg 1688w\" sizes=\"auto, (max-width: 62px) 100vw, 62px\" \/>\u00a0 <\/span><\/span><\/strong><span style=\"font-family: abc2font; font-size: 16px;\"><span style=\"font-family: sanregular;\">\u00a0<img decoding=\"async\" class=\"alignnone wp-image-5197\" src=\"https:\/\/jrivasalbizu.com\/wp-content\/uploads\/2020\/07\/Sin-titulo-1.png\" alt=\"\" width=\"1.1\" height=\"62\" \/>\u00a0 \u00a0<\/span><\/span><span style=\"font-family: vocento-serif-bold;\"><strong>Jon Rivas\u00a0<\/strong><\/span><\/span><\/h5>\r\n<hr \/>\n<p><em><img loading=\"lazy\" decoding=\"async\" class=\"size-full wp-image-909 alignleft\" src=\"https:\/\/jrivasalbizu.com\/wp-content\/uploads\/2018\/08\/aldeano.jpg\" alt=\"\" width=\"118\" height=\"116\" srcset=\"https:\/\/jrivasalbizu.com\/wp-content\/uploads\/2018\/08\/aldeano.jpg 118w, https:\/\/jrivasalbizu.com\/wp-content\/uploads\/2018\/08\/aldeano-80x80.jpg 80w\" sizes=\"auto, (max-width: 118px) 100vw, 118px\" \/>Ayer muri\u00f3 en Bilbao una de las leyendas vivas del Athletic, un hombre que lo fue todo en el club. Empez\u00f3 como jugador, despu\u00e9s fue entrenador, coordinador de Lezama y en los \u00faltimos a\u00f1os, embajador del Athletic ante las pe\u00f1as. Llevaba los colores con orgullo, sin falsa modestia. Sab\u00eda que formaba parte de una instituci\u00f3n excepcional. A la vez era amable, cercano, conversador h\u00e1bil y magn\u00edfico contador de historias. Como homenaje al gran Koldo Aguirre dejo aqu\u00ed una entrevista que le hice hace ya 15 a\u00f1os, en la que, sin preguntas de por medio, cuenta su vida en el Athletic. De hecho, el titular que apareci\u00f3 en su momento fue: \u00abKoldo Aguirre, toda una vida\u00bb. Como complemento, la historia del partido en el que marc\u00f3 cuatro goles al Espanyol, despu\u00e9s de desobedecer las \u00f3rdenes de su entrenador, Piru Gainza.<\/em><\/p>\n<p>\u00abEs que no hab\u00eda m\u00e1s que el f\u00fatbol. Jug\u00e1bamos en la carretera, con pelotas de trapo o de lo que fuera. No ten\u00edamos televisi\u00f3n ni radio. No ten\u00edamos \u00eddolos porque no los ve\u00edamos ni escuch\u00e1bamos los partidos. Despu\u00e9s de jugar con los amigos empec\u00e9 m\u00e1s en serio en los torneos de Acci\u00f3n Cat\u00f3lica, en Basozabal, en Elotxelerri, en Ategorri.<br \/>\nMi primer equipo federado fue el Getxo. Fui con 15 a\u00f1os y jugu\u00e9 muy poquito en los juveniles. Debut\u00e9 a los 16 a\u00f1os en Tercera Divisi\u00f3n, que era una categor\u00eda muy fuerte. No era f\u00e1cil jugar tan joven en Tercera. El Getxo pagaba una multa cada jornada porque yo no pod\u00eda jugar con esa edad. Pero el presidente, Angel Astorqui, lo asumi\u00f3.<br \/>\nAquel equipo era un gran escaparate. Era casi el filial del Athletic. Me vinieron a ver y no pas\u00e9 pruebas ni nada. Me dijeron a ver si quer\u00eda fichar y les dije que s\u00ed, que claro. Estudi\u00e9 contabilidad en una academia y trabajaba con un t\u00edo que era fontanero, pero el f\u00fatbol fue mi vida. El primer sueldo era de 5.000 pesetas al mes y una ficha de 70.000. Eso durante dos a\u00f1os, y si pasabas la criba, tres a\u00f1os m\u00e1s de contrato con otra ficha. Creo que la pas\u00e9 con nota porque a los 19 a\u00f1os ya gan\u00e9 la Copa.<br \/>\nFue la final de los aldeanos, que dijo el presidente Enrique Guzm\u00e1n. Era contra el Real Madrid, los gal\u00e1cticos de la \u00e9poca, en su campo. Ganamos dos a cero. Acababan de ganar la Copa de Europa. De aquella final recuerdo que yo era el m\u00e1s joven. Piru casi me doblaba. Los directivos se acercaban a m\u00ed y me dec\u00edan: \u00abTranquilo chaval\u00bb, y yo que estaba tranquilo me empec\u00e9 a poner nervioso, as\u00ed que me levant\u00e9 y fui donde Albeniz, el entrenador, a decirle: \u00abD\u00edgales por favor a todos estos que se marchen porque me est\u00e1n poniendo malo\u00bb y les mand\u00f3 salir del vestuario.<br \/>\nEn aquel tiempo jugaban cinco delanteros. Yo era el que m\u00e1s atr\u00e1s jugaba. Uribe lo hac\u00eda m\u00e1s arriba. Bajaba al medio campo y me emparejaba con Santiesteban o Zarraga. A veces tambi\u00e9n con Alfredo Di St\u00e9fano, que bajaba mucho. Entre Etura y yo le tapamos muy bien. A m\u00ed me parece que Di St\u00e9fano ha sido el mejor jugador del mundo.<br \/>\nEn el Athletic esa fue la primera alegr\u00eda grande. La primera decepci\u00f3n me la llev\u00e9 antes, cuando no pude debutar. Me hab\u00edan inscrito tres d\u00edas tarde en el Registro del Ayuntamiento de Sondika y no daba la edad m\u00ednima para jugar. Hubiera sido debut y despedida en la Copa porque aquel d\u00eda nos elimin\u00f3 el Espanyol. Debut\u00e9 por fin contra el Zaragoza, perdimos 2-1, pero fue una felicidad.A m\u00ed no me quitaba nadie jugar en el Athletic.<br \/>\nEn aquellas \u00e9pocas hab\u00eda m\u00e1s jerarqu\u00edas en el equipo. Se respetaba a los mayores. Yo, en los viajes, me mareaba. Ten\u00eda que tomarme una biodramina, as\u00ed que en uno de los primeros viajes en autob\u00fas en Gij\u00f3n, madrugu\u00e9 para sentarme delante, en la primera fila y no marearme. Me sent\u00e9 en cabeza, fueron llegando los compa\u00f1eros, me dec\u00edan, \u00abchaval, \u00bfqu\u00e9 haces aqu\u00ed?, para atr\u00e1s\u00bb, y acab\u00e9 en la \u00faltima fila. Antes de salir de Gij\u00f3n ya hab\u00eda vomitado.<br \/>\nLuego pasaron los a\u00f1os, llegu\u00e9 a capit\u00e1n del Athletic. Lo fui en aquella eliminatoria de Anfield contra el Liverpool. Hicimos el mismo resultado que en Bilbao y en la pr\u00f3rroga no hubo goles. No hab\u00eda desempate ni se tiraban penalties. Nos los jugamos a cara y cruz. Yo no sab\u00eda ingl\u00e9s. Baj\u00f3 el presidente Javier Prado y hablaron. Le pregunt\u00e9 a ver lo que hab\u00eda elegido y me dijo que azul. El \u00e1rbitro tir\u00f3 la moneda y sali\u00f3 rojo. Pens\u00e9: adi\u00f3s, hemos perdido, pero no. Hab\u00edan hablado que la primera vez se tiraba para tener la preferencia de elegir color. Eligi\u00f3 el capit\u00e1n del Liverpool. Sali\u00f3 nuestro color. Todos los compa\u00f1eros se enteraron de que hab\u00edamos ganado por el salto que di.<br \/>\nCon el \u00fanico entrenador con el que tuve un roce fue con Piru Gainza, que fue el que luego me recomend\u00f3 para entrenar al equipo. Ibamos en coche cama hacia M\u00e1laga, apareci\u00f3 Gainza dando voces y yo como era el segundo capit\u00e1n le contest\u00e9. A raiz de eso no me puso aquel partido y estuve sin jugar mes y medio. Habl\u00e9 con el presidente, Julio Egusquiza, le cont\u00e9 lo que hab\u00eda ocurrido y me dijo que en el club el que manda es el entrenador.<br \/>\nLos viajes en mi \u00e9poca eran as\u00ed, en coche cama o en autocar. El avi\u00f3n s\u00f3lo para viajar al extranjero. De Bilbao a Madrid nos sab\u00edamos de memoria los baches de la carretera. Tard\u00e1bamos nueve horas. Sal\u00edamos a las nueve de la ma\u00f1ana y lleg\u00e1bamos al parador de Aranda de Duero a las dos. Com\u00edamos y llegabas a las siete a Madrid. Casi todos los viajes eran de tres o cuatro d\u00edas. Sal\u00edamos el viernes y volv\u00edamos el lunes. Si jug\u00e1bamos en Ja\u00e9n, por ejemplo, viajabas el viernes y parte del s\u00e1bado. Despu\u00e9s del partido lleg\u00e1bamos hasta Bailen y est\u00e1bamos en Bilbao el lunes por la noche.<br \/>\nEn mi puesto hab\u00eda jugadores muy buenos: Vel\u00e1zquez, Claramunt, Kubala o Evaristo, adem\u00e1s de Di St\u00e9fano, que era Dios. Por decir algo de mi puesto ya que he jugado de todo. Una vez fui a Pamplona de portero suplente. Menos mal que lleg\u00f3 Chomin que es de Sondika, como yo, a \u00faltima hora. En el Athletic he tenido grandes compa\u00f1eros. He sido amigo de todos, pero El Txopo ha sido un mito. Cuando empec\u00e9, Jos\u00e9 Luis Artetxe, que fue quien mejores consejos me dio. Despu\u00e9s, Fidel Uriarte, Argoitia, Etxeberria, Aranguren&#8230;<br \/>\nMi bestia negra jugaba en el C\u00f3rdoba. Cada vez que ten\u00edamos que viajar all\u00ed los compa\u00f1eros me hac\u00edan bromas: \u00abJugamos con diez. Este se va a esconder\u00bb. Se llamaba Costa, un canario que luego se mat\u00f3 en un accidente de tr\u00e1fico. Yo no terminaba un partido en el Arcangel, siempre sal\u00eda lesionado. Unas veces por sus patadas y en otra ocasi\u00f3n porque pens\u00e9 que estaba detr\u00e1s de m\u00ed, hice el apoyo mal al girarme y me lesion\u00e9 el menisco. Con los \u00e1rbitros no tuve problemas. En mis tiempos no hab\u00eda tarjetas y cuando protestaba no me paraba. Lo hac\u00eda de pasada y segu\u00eda corriendo.Dec\u00eda una cosa y me iba. No me echaron nunca de un campo de f\u00fatbol, ni de jugador ni de entrenador.<br \/>\nMe fui del Athletic por una cuesti\u00f3n personal. Ronnie Allen quer\u00eda que me quedase, pero me dieron la noticia de que mi hermano, que jugaba de portero en el Real Madrid amateur, ten\u00eda leucemia y se iba a morir. S\u00f3lo lo sab\u00eda yo. Ni mi madre ni mi hermana estaban enteradas. Quer\u00eda evadirme y me fui al Sabadell. Me sirvi\u00f3 de poco porque me fui en verano y muri\u00f3 en octubre. Aquello era otro mundo. Fich\u00e9 por tres a\u00f1os y s\u00f3lo aguant\u00e9 uno. Me retir\u00e9. Ros\u00f3n, el presidente, me dec\u00eda: \u00ab\u00bfNos vas a perdonar dos a\u00f1os?\u00bb, le dije que s\u00ed, que me iba a casa. Nada m\u00e1s retirarme me cas\u00e9. Yo ahora cuando algunos futbolistas del Athletic se quejan o reniegan les digo que si salen de aqu\u00ed se van a dar cuenta de lo que es \u00e9ste club.<br \/>\nComo entrenador estuve media temporada en el Erandio y luego en el Villosa y el Alav\u00e9s. Saqu\u00e9 el t\u00edtulo nacional en 1975. Estaba ya en Lezama, con infantiles. Cuando me dijeron que iba a entrenar al Athletic no lo esperaba. Quer\u00edan fichar a un ingl\u00e9s pero Piru Gainza le dijo a Eguidazu: \u00abtenemos aqu\u00ed a Koldo, con todas las garant\u00edas\u00bb. Fichamos a Churruca. Cost\u00f3 50 millones que se amortizaron con la UEFA.<br \/>\nFuimos segundones en todo, hasta en el Villa de Bilbao, el Villa de Madrid y el Carranza. Luego en la UEFA y en la primera Copa del Rey. El recuerdo m\u00e1s vivo es el del partido de San Siro, cuando perd\u00edamos 3-0. Lo pas\u00e9 muy mal. Me lo dijo Willy Perdiguero.\u00abNunca te he visto tan mal\u00bb. Menos mal que el \u00e1rbitro ingl\u00e9s nos pit\u00f3 un penalti y lo metimos. Si no, habr\u00eda llamado desde Mil\u00e1n a mi mujer para decirle que me iba a vivir a Siberia. No hubiera regresado a Bilbao. Lleg\u00e1bamos all\u00ed despu\u00e9s de haber perdido 5-0 en Atocha. Era demasiado.<br \/>\nLas dos finales, pues bueno. Luego le das vueltas. En la final de Copa, cuando llegamos a los penalties le dije a un directivo: \u00abYa hemos perdido. Este tiene una suerte de la leche\u00bb, porque enfrente estaba Rafa Iriondo, que es un suertudo. Nos pes\u00f3 salir de favoritos.<br \/>\nDespu\u00e9s lleg\u00f3 el H\u00e9rcules. Estuve tres a\u00f1os, que es muy dif\u00edcil all\u00ed. Cobr\u00e9 todo y mucho. M\u00e1s que en el Athletic. Luego el Valencia. Nadie lo dice. Todos se acuerdan de la final de la UEFA, pero le ganamos al Madrid el \u00faltimo partido, nos salvamos y le dimos la Liga al Athletic. Fue un gol en una jugada que la hab\u00edamos ensayado 4.000 veces y no sali\u00f3 nunca. S\u00f3lo aquel d\u00eda. Creo sinceramente que por aquello me merec\u00eda haber dado un paseito en la Gabarra.Me llevaron a hombros desde el campo hasta el hotel. Disfrut\u00e9 tres o cuatro d\u00edas con los amigos de Valencia.<br \/>\nHa merecido la pena vivir para el f\u00fatbol. Ahora vivo todav\u00eda para el f\u00fatbol, con los pe\u00f1istas. Casi todo lo que soy se lo debo a este club. Si volviese a la juventud me gustar\u00eda fichar otra vez por el Athletic.<\/p>\n<h3 class=\"p1\">El partido de Sarri\u00e1<\/h3>\n<hr \/>\n<p class=\"p1\">En la temporada 1965\/66, el Athletic comenz\u00f3 una renovaci\u00f3n total. En la presidencia, Javier Prado abandon\u00f3 el cargo, que pas\u00f3 a manos de Julio Egusquiza, que encarg\u00f3 la direcci\u00f3n del equipo desde el banquillo a una de las glorias rojiblancas de todos los tiempos, Agust\u00edn Gainza. Piru acometi\u00f3 tambi\u00e9n la renovaci\u00f3n de su plantilla. De los tiempos gloriosos apenas quedaban unos cuantos jugadores: el capit\u00e1n Orue y Koldo Agirre, que hab\u00edan sido compa\u00f1eros del t\u00e9cnico en partidos mermorables, como aquella final de los once aldeanos.<\/p>\n<p class=\"p1\">Con futbolistas como Iribar, Uriarte, Aranguren, Arieta II, Zorriqueta o Lav\u00edn, Gainza form\u00f3 un conjunto entusiasta que comenz\u00f3 la Liga con un 6-1 al Betis, y que hizo un fort\u00edn de San Mam\u00e9s, pero que fuera de casa bajaba bastante el rendimiento. En aquellos tiempos, los campos de Primera Divisi\u00f3n no eran las alfombras actuales, sino que en muchas ocasiones, sus caracter\u00edsticas variaban bastante. Los del norte pod\u00edan convertirse en lodazales y en el sur en carreteras dur\u00edsimas.<\/p>\n<p class=\"p1\">Para la cuarta jornada, el Athletic hab\u00eda ganado sus dos partidos de casa frente a Betis y Valencia, y hab\u00eda perdido los dos jugados fuera, en Pontevedra por 3-0 y en C\u00f3rdoba por 1-0. Para la quinta fecha del campeonato, el equipo de Agust\u00edn Gainza jugaba de nuevo fuera, frente al Espanyol.<\/p>\n<p class=\"p1\">Cuando el t\u00e9cnico cant\u00f3 la alineaci\u00f3n en el vestuario del campo de Sarri\u00e1, a uno de los veteranos del Athletic, Koldo Agirre, se le torci\u00f3 el morro cuando escuch\u00f3 que llevar\u00eda el n\u00famero 7, es decir, que jugar\u00eda de extremo derecha. En aquel tiempo, cada n\u00famero ten\u00eda asignado un puesto. A Koldo le gustaba jugar m\u00e1s por el centro, y pegarse a la banda no le hac\u00eda demasiada gracia. Habl\u00f3 con Gainza: \u00abPiru, \u00bfno ser\u00eda mejor que juegue en el centro?\u00bb, pero la respuesta fue que no, que se pusiera la camiseta con el \u00ab7\u00bb y saliera al campo. El Athletic no jug\u00f3 mal la primera parte, pero para cuando quiso darse cuenta, ya ten\u00eda dos goles en contra. Jos\u00e9 Mar\u00eda, a los 13 minutos y Rodilla, a los 20, adelantaron al equipo barcelon\u00e9s.<\/p>\n<p class=\"p1\">El Athletic dominaba el partido, pero no ten\u00eda ocasiones. Koldo Agirre, aislado en la banda, apenas aportaba nada. El el descanso, volvi\u00f3 a insistirle a Gainza: \u00ab\u00bfNo ser\u00eda mejor que juegue por el centro? Hasta ahora no he tocado bola\u00bb, pero de nuevo la respuesta fue negativa: \u00abT\u00fa al extremo, y no te muevas de all\u00ed\u00bb. En estos tiempos, Gainza tal vez lo hubiera arreglado con un cambio, pero en los a\u00f1os sesenta, s\u00f3lo se pod\u00eda sustituir al portero, y \u00fanicamente en caso de lesi\u00f3n.<\/p>\n<p class=\"p1\">Saltaron los rojiblancos al campo, Agirre obedeci\u00f3, pero en el minuto 58, Jos\u00e9 Mar\u00eda volvi\u00f3 a batir a Iribar y puso el 3-0 en el marcador, un resultado inapelable. Corr\u00eda el minuto 58. Fue entonces cuando Koldo se hart\u00f3 de la situaci\u00f3n. Decidi\u00f3 por su cuenta desplazarse al centro, colocarse como media punta. Gainza, desde el banquillo, le hac\u00eda gestos para que regresara a la posici\u00f3n que \u00e9l le hab\u00eda ordenado.<\/p>\n<p class=\"p1\">Pero Agirre se hac\u00eda el sordo, y a los 71 minutos de partido, despu\u00e9s de un disparo de Txetxu Rojo que repeli\u00f3 Carmelo \u2013su ex compa\u00f1ero\u2013, Agirre estaba en el lugar adecuado para empujar a gol. Era el 3-1. Apenas dos minutos m\u00e1s tarde, Rojo de nuevo, sac\u00f3 una falta y Koldo Agirre remat\u00f3 de cabeza, el bal\u00f3n golpe\u00f3 en el local Id\u00edgoras y se col\u00f3 en la meta de Carmelo. Con el Espanyol ya de los nervios, en el minuto 81, Koldo Agirre combin\u00f3 en una pared con Fidel Uriarte, recibi\u00f3 en el \u00e1rea y marc\u00f3 el empate a tres. Lo imposible era posible.<\/p>\n<p class=\"p1\">Y dos minutos despu\u00e9s, lo extraordinario: Rojo hizo una jugada por la izquierda, centr\u00f3. Ramon\u00ed, despej\u00f3 como pudo y el bal\u00f3n le cay\u00f3 a Agirre, que de volea marc\u00f3 el 3-4, que nadie pod\u00eda esperar un cuarto de hora antes.<\/p>\n<p class=\"p1\">\u00abLe tengo comida la moral a Carmelo\u00bb, dec\u00eda despu\u00e9s Koldo. \u00abLe he metido seis goles en dos partidos\u00bb. Y tanto. Andoni Cedr\u00fan, el hijo del portero del Espanyol, que era un<span class=\"Apple-converted-space\">\u00a0 <\/span>ni\u00f1o entonces y que le llamaba t\u00edo, no quiso dar un beso a Agirre al acabar el partido, \u00abporque le ha metido seis goles a mi aita\u00bb. En Sarri\u00e1 se lamentaban de que antes del partido hubiera hecho el saque de honor la \u00abgentil se\u00f1orita\u00bb Genis Ruby Taylor, turista 12.500.000 de 1965. \u00abCuando hay celebraciones siempre pasa esto. Podr\u00eda haber entrado a Espa\u00f1a por Pontevedra\u00bb.<\/p>\n","protected":false},"excerpt":{"rendered":"<p>Ayer muri\u00f3 en Bilbao una de las leyendas vivas del Athletic, un hombre que lo fue todo en el club. Empez\u00f3 como jugador, despu\u00e9s fue entrenador, coordinador de Lezama y en los \u00faltimos a\u00f1os, embajador del Athletic ante las pe\u00f1as. Llevaba los colores con orgullo, sin falsa modestia. Sab\u00eda que formaba parte de una instituci\u00f3n [&hellip;]<\/p>\n","protected":false},"author":1,"featured_media":2045,"comment_status":"open","ping_status":"open","sticky":false,"template":"","format":"standard","meta":{"_monsterinsights_skip_tracking":false,"_monsterinsights_sitenote_active":false,"_monsterinsights_sitenote_note":"","_monsterinsights_sitenote_category":0,"footnotes":""},"categories":[187],"tags":[191],"class_list":["post-2044","post","type-post","status-publish","format-standard","has-post-thumbnail","hentry","category-athletic","tag-portada"],"_links":{"self":[{"href":"https:\/\/jrivasalbizu.com\/index.php?rest_route=\/wp\/v2\/posts\/2044","targetHints":{"allow":["GET"]}}],"collection":[{"href":"https:\/\/jrivasalbizu.com\/index.php?rest_route=\/wp\/v2\/posts"}],"about":[{"href":"https:\/\/jrivasalbizu.com\/index.php?rest_route=\/wp\/v2\/types\/post"}],"author":[{"embeddable":true,"href":"https:\/\/jrivasalbizu.com\/index.php?rest_route=\/wp\/v2\/users\/1"}],"replies":[{"embeddable":true,"href":"https:\/\/jrivasalbizu.com\/index.php?rest_route=%2Fwp%2Fv2%2Fcomments&post=2044"}],"version-history":[{"count":3,"href":"https:\/\/jrivasalbizu.com\/index.php?rest_route=\/wp\/v2\/posts\/2044\/revisions"}],"predecessor-version":[{"id":2048,"href":"https:\/\/jrivasalbizu.com\/index.php?rest_route=\/wp\/v2\/posts\/2044\/revisions\/2048"}],"wp:featuredmedia":[{"embeddable":true,"href":"https:\/\/jrivasalbizu.com\/index.php?rest_route=\/wp\/v2\/media\/2045"}],"wp:attachment":[{"href":"https:\/\/jrivasalbizu.com\/index.php?rest_route=%2Fwp%2Fv2%2Fmedia&parent=2044"}],"wp:term":[{"taxonomy":"category","embeddable":true,"href":"https:\/\/jrivasalbizu.com\/index.php?rest_route=%2Fwp%2Fv2%2Fcategories&post=2044"},{"taxonomy":"post_tag","embeddable":true,"href":"https:\/\/jrivasalbizu.com\/index.php?rest_route=%2Fwp%2Fv2%2Ftags&post=2044"}],"curies":[{"name":"wp","href":"https:\/\/api.w.org\/{rel}","templated":true}]}}